{"id":6872,"date":"2026-08-30T09:26:51","date_gmt":"2026-08-30T09:26:51","guid":{"rendered":"https:\/\/atelierglaz-archi.com\/?p=6872"},"modified":"2026-08-30T14:20:38","modified_gmt":"2026-08-30T14:20:38","slug":"renovation-energetique-bretagne-dpe","status":"publish","type":"post","link":"https:\/\/atelierglaz-archi.com\/en\/renovation-energetique-bretagne-dpe\/","title":{"rendered":"Energy Renovation in Brittany: Anticipating the DPE (Energy Performance Certificate) Before 2032"},"content":{"rendered":"<div class=\"wp-block-uagb-advanced-heading uagb-block-e666afb6\"><h1 class=\"uagb-heading-text\">Energy Renovation in Brittany: Anticipating the DPE (Energy Performance Certificate) Before 2032<\/h1><\/div>\n\n\n\n<div class=\"wp-block-uagb-advanced-heading uagb-block-7a4d82d5\"><h2 class=\"uagb-heading-text\">Understanding the Stakes to Elevate Your Architectural Heritage<\/h2><\/div>\n\n\n\n<p class=\"wp-block-paragraph\">In Southern Brittany, stone has a memory. The long\u00e8res of Morbihan, the granite houses of Finist\u00e8re, the rehabilitated farmhouses from Plouhinec to Riantec\u2014each carries within it a century or more of history, Atlantic wind, and shifting light. Yet this same stone, designed for a way of life from another era, today poses a very concrete question to its owners: how can we continue to live in it with peace of mind at a time when energy performance has become an essential requirement?<\/p>\n\n\n\n<figure class=\"wp-block-image aligncenter size-large is-resized has-custom-border\"><a href=\"https:\/\/atelierglaz-archi.com\/en\/maison-de-kervarh\/\"><img fetchpriority=\"high\" decoding=\"async\" width=\"1024\" height=\"576\" src=\"https:\/\/atelierglaz-archi.com\/wp-content\/uploads\/2026\/08\/Architecture-contemporaine-au-coeur-du-paysage-breton-Facade-ouest-Atelier-Glaz-Architecure-2026-1024x576.webp\" alt=\"R\u00e9novation \u00e9nerg\u00e9tique d&#039;une maison en pierre \u00e0 Plouhinec, Morbihan\" class=\"wp-image-6874\" style=\"border-top-left-radius:4px;border-top-right-radius:4px;border-bottom-left-radius:4px;border-bottom-right-radius:4px;width:600px;height:auto\" title=\"\" srcset=\"https:\/\/atelierglaz-archi.com\/wp-content\/uploads\/2026\/08\/Architecture-contemporaine-au-coeur-du-paysage-breton-Facade-ouest-Atelier-Glaz-Architecure-2026-1024x576.webp 1024w, https:\/\/atelierglaz-archi.com\/wp-content\/uploads\/2026\/08\/Architecture-contemporaine-au-coeur-du-paysage-breton-Facade-ouest-Atelier-Glaz-Architecure-2026-300x169.webp 300w, https:\/\/atelierglaz-archi.com\/wp-content\/uploads\/2026\/08\/Architecture-contemporaine-au-coeur-du-paysage-breton-Facade-ouest-Atelier-Glaz-Architecure-2026-768x432.webp 768w, https:\/\/atelierglaz-archi.com\/wp-content\/uploads\/2026\/08\/Architecture-contemporaine-au-coeur-du-paysage-breton-Facade-ouest-Atelier-Glaz-Architecure-2026-18x10.webp 18w, https:\/\/atelierglaz-archi.com\/wp-content\/uploads\/2026\/08\/Architecture-contemporaine-au-coeur-du-paysage-breton-Facade-ouest-Atelier-Glaz-Architecure-2026.webp 1200w\" sizes=\"(max-width: 1024px) 100vw, 1024px\" \/><\/a><\/figure>\n\n\n\n<p class=\"wp-block-paragraph\">This is the entire challenge of the Energy Performance Certificate, or DPE\u2014a technical subject, but one that directly affects the value, comfort, and future of your property.<\/p>\n\n\n\n<div class=\"wp-block-uagb-advanced-heading uagb-block-ee7e8bd3\"><h3 class=\"uagb-heading-text\">The DPE in a Few Words<\/h3><\/div>\n\n\n\n<p class=\"wp-block-paragraph\">The DPE evaluates a home's energy consumption and its greenhouse gas emission impact on a scale from A (very efficient) to G (very energy-inextricant\/energy-guzzling). In Brittany, a significant share of traditional architecture\u2014precisely that heritage stone we love so much to transform\u2014currently falls into classes F or G, commonly known as \"thermal sieves.\"<\/p>\n\n\n\n<p class=\"wp-block-paragraph\">This is not a judgment on the beauty or intrinsic value of these homes. It is a simple observation: yesterday's construction techniques did not incorporate today's insulation standards.<\/p>\n\n\n\n<div class=\"wp-block-uagb-advanced-heading uagb-block-61098dc7\"><h3 class=\"uagb-heading-text\">2032: A Deadline to Anticipate, Not to Dread<\/h3><\/div>\n\n\n\n<p class=\"wp-block-paragraph\">The regulatory timeline is tightening. Homes rated G will soon no longer be eligible for rental, and this progressive ban is set to extend to classes F, then E, in the coming years. For an owner-occupier, the stakes are different but just as real: an unfavorable DPE increasingly weighs on a property's resale value and daily living comfort\u2014a poorly insulated house remains cold in winter, damp in spring, and difficult to fully enjoy.<\/p>\n\n\n\n<p class=\"wp-block-paragraph\">Anticipating this deadline does not mean yielding to administrative constraints. It means seizing an opportunity: that of fundamentally rethinking how we inhabit a space.<\/p>\n\n\n\n<div class=\"wp-block-uagb-advanced-heading uagb-block-7a16262b\"><h3 class=\"uagb-heading-text\">Energy Renovation: A Question of Design as Much as Technique<\/h3><\/div>\n\n\n\n<p class=\"wp-block-paragraph\">This is where our approach differs from a simple compliance upgrade. Insulating an old house, replacing its windows and doors, rethinking its heating system\u2014each of these decisions has a direct impact on the light, volumes, wall textures, and atmosphere of a space.<\/p>\n\n\n\n<p class=\"wp-block-paragraph\">A poorly conceived energy renovation can weigh down a home with character, hiding its stone behind standard insulation cladding, or closing off an opening that gave a room all its charm. Conversely, a well-thought-out energy renovation becomes an opportunity to enhance what already exists: a lime plaster that breathes and regulates moisture rather than insulation that traps it, <a href=\"https:\/\/atelierglaz-archi.com\/en\/lart-de-lhabiter\/\" data-type=\"link\" data-id=\"https:\/\/atelierglaz-archi.com\/lart-de-lhabiter\/\">a bioclimatic extension<\/a> that captures southern light while reducing heating needs, a veranda that serves as a thermal buffer as much as a living space.<\/p>\n\n\n\n<p class=\"wp-block-paragraph\">This is the conviction that guides our work: energy performance and the beauty of a place are never in opposition. They are built together.<\/p>\n\n\n\n<h3 class=\"wp-block-heading\">Kervarh: When Energy Renovation Serves the Light<\/h3>\n\n\n\n<p class=\"wp-block-paragraph\">This is precisely the philosophy we implemented at Maison de Kervarh, a 19th-century long\u00e8re in Inzinzac-Lochrist, near Lorient. Before the work, the house bore the typical traits of traditional Breton architecture: thick walls, small openings, and a dark interior that was difficult to heat. Our intervention combined a bioclimatic wooden extension with large, strategically oriented glass panels to capture natural light, profoundly transforming the home's thermal comfort\u2014both summer and winter.<\/p>\n\n\n\n<p class=\"wp-block-paragraph\">The result: a house that has gained energy performance without losing its soul, where the original stone now dialogues with light-toned wood and a reimagined sense of light.<\/p>\n\n\n\n<p class=\"wp-block-paragraph\"><a href=\"https:\/\/atelierglaz-archi.com\/en\/maison-de-kervarh\/\">Discover the complete Maison de Kervarh project \u2192<\/a><\/p>\n\n\n\n<p class=\"wp-block-paragraph\">This same principle guides Maison du Glazen, where a wooden extension\u2014a naturally insulating material\u2014made it possible to rethink the thermal performance of the entire property while widely opening the house to its garden. Two projects, two stories, the same conviction: energy performance must be designed with light, materials, and the landscape\u2014never against them.<\/p>\n\n\n\n<p class=\"wp-block-paragraph\"><a href=\"https:\/\/atelierglaz-archi.com\/en\/maison-du-glazen\/\">Discover Maison du Glazen \u2192<\/a><\/p>\n\n\n\n<div class=\"wp-block-uagb-advanced-heading uagb-block-81c49c04\"><h3 class=\"uagb-heading-text\">Our Support, From Audit to Permit<\/h3><\/div>\n\n\n\n<p class=\"wp-block-paragraph\">At Atelier Glaz, every energy renovation project begins with an on-site diagnosis\u2014understanding the existing construction, its weak points, and its qualities to preserve. We then design a comprehensive project that addresses insulation, ventilation, and windows not as separate constraints, but as elements of a single architectural language.<\/p>\n\n\n\n<p class=\"wp-block-paragraph\">We also support our clients through <a href=\"https:\/\/atelierglaz-archi.com\/en\/expertise-regularisation\/\">the administrative procedures<\/a> that accompany these works\u2014an often underestimated step, yet decisive in bringing a project to a serene completion.<\/p>\n\n\n\n<div class=\"wp-block-uagb-advanced-heading uagb-block-bcadce29\"><h3 class=\"uagb-heading-text\">Your House Has a History. Let's Give It a Future.<\/h3><\/div>\n\n\n\n<p class=\"wp-block-paragraph\">Whether your home is a 19th-century long\u00e8re in Plouhinec, a 1970s villa in Vannes, or a family property passed down for generations in Quiberon, the question is not just \"how do we meet the DPE requirements?\" but \"how do we continue to love it for decades to come?\"<\/p>\n\n\n\n<div class=\"wp-block-uagb-container uagb-block-bfdeb085 alignfull uagb-is-root-container\"><div class=\"uagb-container-inner-blocks-wrap\">\n<div class=\"wp-block-uagb-container uagb-block-723c16ab\"><\/div>\n\n\n\n<div class=\"wp-block-uagb-container uagb-block-6d17bea0\">\n<p class=\"has-text-align-center wp-block-paragraph\">Are you wondering about your property's energy rating and the possible solutions? Let's talk about it together.<\/p>\n<\/div>\n\n\n\n<div class=\"wp-block-uagb-container uagb-block-a717af56\"><\/div>\n<\/div><\/div>\n\n\n\n<div class=\"wp-block-uagb-buttons uagb-buttons__outer-wrap uagb-btn__default-btn uagb-btn-tablet__default-btn uagb-btn-mobile__default-btn uagb-block-41f6c93b\"><div class=\"uagb-buttons__wrap uagb-buttons-layout-wrap\">\n<div class=\"wp-block-uagb-buttons-child uagb-buttons__outer-wrap uagb-block-4316b74f wp-block-button\"><div class=\"uagb-button__wrapper\"><a class=\"uagb-buttons-repeater wp-block-button__link\" aria-label=\"\" href=\"https:\/\/atelierglaz-archi.com\/en\/contact\/\" rel=\"follow noopener\" target=\"_blank\" role=\"button\"><div class=\"uagb-button__link\">Contact Us<\/div><\/a><\/div><\/div>\n<\/div><\/div>\n\n\n\n<p class=\"wp-block-paragraph\"><\/p>","protected":false},"excerpt":{"rendered":"<p>R\u00e9novation \u00c9nerg\u00e9tique en Bretagne : Anticiper le DPE Avant 2032 Comprendre les Enjeux pour Sublimer votre Patrimoine En Bretagne Sud, la pierre a une m\u00e9moire. Les long\u00e8res du Morbihan, les maisons de granit du Finist\u00e8re, les fermes r\u00e9habilit\u00e9es de Plouhinec \u00e0 Riantec \u2014 chacune porte en elle un si\u00e8cle ou plus d&rsquo;histoire, de vent atlantique [&hellip;]<\/p>\n","protected":false},"author":1,"featured_media":6875,"comment_status":"open","ping_status":"open","sticky":false,"template":"","format":"standard","meta":{"_eb_attr":"","_uag_custom_page_level_css":"","site-sidebar-layout":"default","site-content-layout":"","ast-site-content-layout":"default","site-content-style":"default","site-sidebar-style":"default","ast-global-header-display":"","ast-banner-title-visibility":"","ast-main-header-display":"","ast-hfb-above-header-display":"","ast-hfb-below-header-display":"","ast-hfb-mobile-header-display":"","site-post-title":"disabled","ast-breadcrumbs-content":"","ast-featured-img":"disabled","footer-sml-layout":"","ast-disable-related-posts":"","theme-transparent-header-meta":"","adv-header-id-meta":"","stick-header-meta":"","header-above-stick-meta":"","header-main-stick-meta":"","header-below-stick-meta":"","astra-migrate-meta-layouts":"set","ast-page-background-enabled":"default","ast-page-background-meta":{"desktop":{"background-color":"","background-image":"","background-repeat":"repeat","background-position":"center center","background-size":"auto","background-attachment":"scroll","background-type":"","background-media":"","overlay-type":"","overlay-color":"","overlay-opacity":"","overlay-gradient":""},"tablet":{"background-color":"","background-image":"","background-repeat":"repeat","background-position":"center center","background-size":"auto","background-attachment":"scroll","background-type":"","background-media":"","overlay-type":"","overlay-color":"","overlay-opacity":"","overlay-gradient":""},"mobile":{"background-color":"","background-image":"","background-repeat":"repeat","background-position":"center center","background-size":"auto","background-attachment":"scroll","background-type":"","background-media":"","overlay-type":"","overlay-color":"","overlay-opacity":"","overlay-gradient":""}},"ast-content-background-meta":{"desktop":{"background-color":"var(--ast-global-color-5)","background-image":"","background-repeat":"repeat","background-position":"center center","background-size":"auto","background-attachment":"scroll","background-type":"","background-media":"","overlay-type":"","overlay-color":"","overlay-opacity":"","overlay-gradient":""},"tablet":{"background-color":"var(--ast-global-color-5)","background-image":"","background-repeat":"repeat","background-position":"center center","background-size":"auto","background-attachment":"scroll","background-type":"","background-media":"","overlay-type":"","overlay-color":"","overlay-opacity":"","overlay-gradient":""},"mobile":{"background-color":"var(--ast-global-color-5)","background-image":"","background-repeat":"repeat","background-position":"center center","background-size":"auto","background-attachment":"scroll","background-type":"","background-media":"","overlay-type":"","overlay-color":"","overlay-opacity":"","overlay-gradient":""}},"footnotes":""},"categories":[18,94],"tags":[39,72,40,96,60,98,97],"class_list":["post-6872","post","type-post","status-publish","format-standard","has-post-thumbnail","hentry","category-stories","category-renovation","tag-amenagement-paysager-morbihan","tag-architecture-de-prestige","tag-atelier-glaz-architecture","tag-dpe-maison-morbihan","tag-expertise-technique-architecture","tag-passoire-thermique-bretagne","tag-renovation-energetique-morbihan"],"uagb_featured_image_src":{"full":["https:\/\/atelierglaz-archi.com\/wp-content\/uploads\/2026\/08\/Architecture-contemporaine-au-coeur-du-paysage-breton-Facade-ouest-Atelier-Glaz-Architecure-2026-Thumbnails.webp",601,338,false],"thumbnail":["https:\/\/atelierglaz-archi.com\/wp-content\/uploads\/2026\/08\/Architecture-contemporaine-au-coeur-du-paysage-breton-Facade-ouest-Atelier-Glaz-Architecure-2026-Thumbnails-150x150.webp",150,150,true],"medium":["https:\/\/atelierglaz-archi.com\/wp-content\/uploads\/2026\/08\/Architecture-contemporaine-au-coeur-du-paysage-breton-Facade-ouest-Atelier-Glaz-Architecure-2026-Thumbnails-300x169.webp",300,169,true],"medium_large":["https:\/\/atelierglaz-archi.com\/wp-content\/uploads\/2026\/08\/Architecture-contemporaine-au-coeur-du-paysage-breton-Facade-ouest-Atelier-Glaz-Architecure-2026-Thumbnails.webp",601,338,false],"large":["https:\/\/atelierglaz-archi.com\/wp-content\/uploads\/2026\/08\/Architecture-contemporaine-au-coeur-du-paysage-breton-Facade-ouest-Atelier-Glaz-Architecure-2026-Thumbnails.webp",601,338,false],"1536x1536":["https:\/\/atelierglaz-archi.com\/wp-content\/uploads\/2026\/08\/Architecture-contemporaine-au-coeur-du-paysage-breton-Facade-ouest-Atelier-Glaz-Architecure-2026-Thumbnails.webp",601,338,false],"2048x2048":["https:\/\/atelierglaz-archi.com\/wp-content\/uploads\/2026\/08\/Architecture-contemporaine-au-coeur-du-paysage-breton-Facade-ouest-Atelier-Glaz-Architecure-2026-Thumbnails.webp",601,338,false],"trp-custom-language-flag":["https:\/\/atelierglaz-archi.com\/wp-content\/uploads\/2026\/08\/Architecture-contemporaine-au-coeur-du-paysage-breton-Facade-ouest-Atelier-Glaz-Architecure-2026-Thumbnails-18x10.webp",18,10,true]},"uagb_author_info":{"display_name":"Atelier Glaz Architecture","author_link":"https:\/\/atelierglaz-archi.com\/en\/author\/atelierglazarchitecturegmail-com\/"},"uagb_comment_info":0,"uagb_excerpt":"R\u00e9novation \u00c9nerg\u00e9tique en Bretagne : Anticiper le DPE Avant 2032 Comprendre les Enjeux pour Sublimer votre Patrimoine En Bretagne Sud, la pierre a une m\u00e9moire. Les long\u00e8res du Morbihan, les maisons de granit du Finist\u00e8re, les fermes r\u00e9habilit\u00e9es de Plouhinec \u00e0 Riantec \u2014 chacune porte en elle un si\u00e8cle ou plus d&rsquo;histoire, de vent atlantique&hellip;","rttpg_featured_image_url":{"full":["https:\/\/atelierglaz-archi.com\/wp-content\/uploads\/2026\/08\/Architecture-contemporaine-au-coeur-du-paysage-breton-Facade-ouest-Atelier-Glaz-Architecure-2026-Thumbnails.webp",601,338,false],"landscape":["https:\/\/atelierglaz-archi.com\/wp-content\/uploads\/2026\/08\/Architecture-contemporaine-au-coeur-du-paysage-breton-Facade-ouest-Atelier-Glaz-Architecure-2026-Thumbnails.webp",601,338,false],"portraits":["https:\/\/atelierglaz-archi.com\/wp-content\/uploads\/2026\/08\/Architecture-contemporaine-au-coeur-du-paysage-breton-Facade-ouest-Atelier-Glaz-Architecure-2026-Thumbnails.webp",601,338,false],"thumbnail":["https:\/\/atelierglaz-archi.com\/wp-content\/uploads\/2026\/08\/Architecture-contemporaine-au-coeur-du-paysage-breton-Facade-ouest-Atelier-Glaz-Architecure-2026-Thumbnails-150x150.webp",150,150,true],"medium":["https:\/\/atelierglaz-archi.com\/wp-content\/uploads\/2026\/08\/Architecture-contemporaine-au-coeur-du-paysage-breton-Facade-ouest-Atelier-Glaz-Architecure-2026-Thumbnails-300x169.webp",300,169,true],"large":["https:\/\/atelierglaz-archi.com\/wp-content\/uploads\/2026\/08\/Architecture-contemporaine-au-coeur-du-paysage-breton-Facade-ouest-Atelier-Glaz-Architecure-2026-Thumbnails.webp",601,338,false],"1536x1536":["https:\/\/atelierglaz-archi.com\/wp-content\/uploads\/2026\/08\/Architecture-contemporaine-au-coeur-du-paysage-breton-Facade-ouest-Atelier-Glaz-Architecure-2026-Thumbnails.webp",601,338,false],"2048x2048":["https:\/\/atelierglaz-archi.com\/wp-content\/uploads\/2026\/08\/Architecture-contemporaine-au-coeur-du-paysage-breton-Facade-ouest-Atelier-Glaz-Architecure-2026-Thumbnails.webp",601,338,false],"trp-custom-language-flag":["https:\/\/atelierglaz-archi.com\/wp-content\/uploads\/2026\/08\/Architecture-contemporaine-au-coeur-du-paysage-breton-Facade-ouest-Atelier-Glaz-Architecure-2026-Thumbnails-18x10.webp",18,10,true]},"rttpg_author":{"display_name":"Atelier Glaz Architecture","author_link":"https:\/\/atelierglaz-archi.com\/en\/author\/atelierglazarchitecturegmail-com\/"},"rttpg_comment":0,"rttpg_category":"<a href=\"https:\/\/atelierglaz-archi.com\/en\/stories\/\" rel=\"category tag\">Stories<\/a> <a href=\"https:\/\/atelierglaz-archi.com\/en\/renovation\/\" rel=\"category tag\">R\u00e9novation<\/a>","rttpg_excerpt":"R\u00e9novation \u00c9nerg\u00e9tique en Bretagne : Anticiper le DPE Avant 2032 Comprendre les Enjeux pour Sublimer votre Patrimoine En Bretagne Sud, la pierre a une m\u00e9moire. Les long\u00e8res du Morbihan, les maisons de granit du Finist\u00e8re, les fermes r\u00e9habilit\u00e9es de Plouhinec \u00e0 Riantec \u2014 chacune porte en elle un si\u00e8cle ou plus d&rsquo;histoire, de vent atlantique&hellip;","_links":{"self":[{"href":"https:\/\/atelierglaz-archi.com\/en\/wp-json\/wp\/v2\/posts\/6872","targetHints":{"allow":["GET"]}}],"collection":[{"href":"https:\/\/atelierglaz-archi.com\/en\/wp-json\/wp\/v2\/posts"}],"about":[{"href":"https:\/\/atelierglaz-archi.com\/en\/wp-json\/wp\/v2\/types\/post"}],"author":[{"embeddable":true,"href":"https:\/\/atelierglaz-archi.com\/en\/wp-json\/wp\/v2\/users\/1"}],"replies":[{"embeddable":true,"href":"https:\/\/atelierglaz-archi.com\/en\/wp-json\/wp\/v2\/comments?post=6872"}],"version-history":[{"count":5,"href":"https:\/\/atelierglaz-archi.com\/en\/wp-json\/wp\/v2\/posts\/6872\/revisions"}],"predecessor-version":[{"id":6890,"href":"https:\/\/atelierglaz-archi.com\/en\/wp-json\/wp\/v2\/posts\/6872\/revisions\/6890"}],"wp:featuredmedia":[{"embeddable":true,"href":"https:\/\/atelierglaz-archi.com\/en\/wp-json\/wp\/v2\/media\/6875"}],"wp:attachment":[{"href":"https:\/\/atelierglaz-archi.com\/en\/wp-json\/wp\/v2\/media?parent=6872"}],"wp:term":[{"taxonomy":"category","embeddable":true,"href":"https:\/\/atelierglaz-archi.com\/en\/wp-json\/wp\/v2\/categories?post=6872"},{"taxonomy":"post_tag","embeddable":true,"href":"https:\/\/atelierglaz-archi.com\/en\/wp-json\/wp\/v2\/tags?post=6872"}],"curies":[{"name":"wp","href":"https:\/\/api.w.org\/{rel}","templated":true}]}}